{"id":985,"date":"2025-09-03T11:52:49","date_gmt":"2025-09-03T10:52:49","guid":{"rendered":"https:\/\/trinchclub.com\/?p=985"},"modified":"2025-11-03T12:47:26","modified_gmt":"2025-11-03T12:47:26","slug":"%f0%9f%8d%82-septembre-lheure-des-vendanges-a-sonne","status":"publish","type":"post","link":"https:\/\/trinchclub.com\/en\/%f0%9f%8d%82-septembre-lheure-des-vendanges-a-sonne\/","title":{"rendered":"\ud83c\udf42 Septembre : l\u2019heure des vendanges a sonn\u00e9"},"content":{"rendered":"<div data-elementor-type=\"wp-post\" data-elementor-id=\"985\" class=\"elementor elementor-985\" data-elementor-post-type=\"post\">\n\t\t\t\t<div class=\"elementor-element elementor-element-681c5a4 e-flex e-con-boxed e-con e-parent\" data-id=\"681c5a4\" data-element_type=\"container\">\n\t\t\t\t\t<div class=\"e-con-inner\">\n\t\t\t\t<div class=\"elementor-element elementor-element-bb033a6 elementor-widget__width-initial elementor-widget elementor-widget-heading\" data-id=\"bb033a6\" data-element_type=\"widget\" data-widget_type=\"heading.default\">\n\t\t\t\t\t<h1 class=\"elementor-heading-title elementor-size-default\">\ud83c\udf42 Septembre : l\u2019heure des vendanges a sonn\u00e9<\/h1>\t\t\t\t<\/div>\n\t\t\t\t<div class=\"elementor-element elementor-element-5dd1596 elementor-widget__width-initial elementor-widget elementor-widget-image\" data-id=\"5dd1596\" data-element_type=\"widget\" data-widget_type=\"image.default\">\n\t\t\t\t\t\t\t\t\t\t\t\t\t\t\t<img fetchpriority=\"high\" decoding=\"async\" width=\"1024\" height=\"1536\" src=\"https:\/\/trinchclub.com\/wp-content\/uploads\/2025\/11\/trinchclub-newsletter-septembre2025.png\" class=\"attachment-full size-full wp-image-986\" alt=\"\" srcset=\"https:\/\/trinchclub.com\/wp-content\/uploads\/2025\/11\/trinchclub-newsletter-septembre2025.png 1024w, https:\/\/trinchclub.com\/wp-content\/uploads\/2025\/11\/trinchclub-newsletter-septembre2025-200x300.png 200w, https:\/\/trinchclub.com\/wp-content\/uploads\/2025\/11\/trinchclub-newsletter-septembre2025-683x1024.png 683w, https:\/\/trinchclub.com\/wp-content\/uploads\/2025\/11\/trinchclub-newsletter-septembre2025-768x1152.png 768w, https:\/\/trinchclub.com\/wp-content\/uploads\/2025\/11\/trinchclub-newsletter-septembre2025-8x12.png 8w\" sizes=\"(max-width: 1024px) 100vw, 1024px\" \/>\t\t\t\t\t\t\t\t\t\t\t\t\t\t\t<\/div>\n\t\t\t\t\t<\/div>\n\t\t\t\t<\/div>\n\t\t<div class=\"elementor-element elementor-element-fc52050 e-flex e-con-boxed e-con e-parent\" data-id=\"fc52050\" data-element_type=\"container\">\n\t\t\t\t\t<div class=\"e-con-inner\">\n\t\t\t\t<div class=\"elementor-element elementor-element-1745986 elementor-widget elementor-widget-text-editor\" data-id=\"1745986\" data-element_type=\"widget\" data-widget_type=\"text-editor.default\">\n\t\t\t\t\t\t\t\t\t<p>Le mois tant attendu est arriv\u00e9. Les vignes fr\u00e9missent sous les premiers coups de s\u00e9cateurs\u202f:\u00a0<strong>c\u2019est le d\u00e9but des vendanges.<\/strong><\/p>\n<p>Partout, l\u2019effervescence r\u00e8gne. Dans les rangs, les grappes sont scrut\u00e9es, go\u00fbt\u00e9es, coup\u00e9es avec soin. Chaque d\u00e9cision compte : faut-il attendre encore un jour ou deux pour ce c\u00e9page\u202f? Faut-il vendanger \u00e0 la fra\u00eeche\u202f?\u00a0<strong>Tout est affaire d\u2019\u00e9quilibre.<\/strong><\/p>\n<p>Les ar\u00f4mes sont l\u00e0, le sucre aussi. Reste \u00e0 capter cette alchimie fragile au bon moment. Les pressoirs se remettent \u00e0 chanter, les cuves se remplissent, et la magie du mill\u00e9sime commence \u00e0 s\u2019\u00e9crire.<\/p>\n<p><strong>Septembre, c\u2019est le temps de la r\u00e9colte\u2026 mais aussi celui des promesses. Celles d\u2019un vin \u00e0 venir, n\u00e9 d\u2019une ann\u00e9e enti\u00e8re de travail et de patience.<\/strong><\/p>\t\t\t\t\t\t\t\t<\/div>\n\t\t\t\t\t<\/div>\n\t\t\t\t<\/div>\n\t\t<div class=\"elementor-element elementor-element-da76b40 e-flex e-con-boxed e-con e-parent\" data-id=\"da76b40\" data-element_type=\"container\" data-settings=\"{&quot;background_background&quot;:&quot;classic&quot;}\">\n\t\t\t\t\t<div class=\"e-con-inner\">\n\t\t\t\t<div class=\"elementor-element elementor-element-a237a2b elementor-widget elementor-widget-heading\" data-id=\"a237a2b\" data-element_type=\"widget\" data-widget_type=\"heading.default\">\n\t\t\t\t\t<h2 class=\"elementor-heading-title elementor-size-default\">\ud83d\uddde\ufe0f Au sommaire de septembre 2025 :<\/h2>\t\t\t\t<\/div>\n\t\t\t\t<div class=\"elementor-element elementor-element-c5a50e3 elementor-widget elementor-widget-text-editor\" data-id=\"c5a50e3\" data-element_type=\"widget\" data-widget_type=\"text-editor.default\">\n\t\t\t\t\t\t\t\t\t<ol>\n<li><strong>\ud83d\udcc5 \u00c0 vos verres : o\u00f9 Trincher en septembre ?<\/strong><br \/>Tous les \u00e9v\u00e8nements vins \u00e0 ne pas manquer, de Lisbonne \u00e0 Porto en passant par Alenquer, Tomar ou Funchal.<\/li>\n<li><strong>\ud83e\udd42 Panique en Champagne<\/strong><br \/>Une vendange pr\u00e9cipit\u00e9e, des raisins m\u00fbrs trop t\u00f4t, des vendangeurs absents : r\u00e9cit d\u2019un mill\u00e9sime express.<\/li>\n<li><strong>\ud83c\udf1e Focus sur l&rsquo;Algarve<\/strong><br \/>Un verre de Cabrita blanc \u00e0 Portim\u00e3o\u2026 et toute une r\u00e9gion viticole discr\u00e8te qui se r\u00e9v\u00e8le.<\/li>\n<li><strong>\ud83d\udcda Culture vin sans chichi<\/strong><br \/>Vendanges tardives : pourquoi certains raisins patientent jusqu\u2019en octobre ?<\/li>\n<li><strong>\ud83e\uddc3 Le coin des potins<\/strong><br \/>Vos actus, vos flops, vos bouteilles improbables : on partage tout !<\/li>\n<\/ol>\t\t\t\t\t\t\t\t<\/div>\n\t\t\t\t\t<\/div>\n\t\t\t\t<\/div>\n\t\t<div class=\"elementor-element elementor-element-322f698 e-flex e-con-boxed e-con e-parent\" data-id=\"322f698\" data-element_type=\"container\" data-settings=\"{&quot;background_background&quot;:&quot;classic&quot;}\">\n\t\t\t\t\t<div class=\"e-con-inner\">\n\t\t\t\t<div class=\"elementor-element elementor-element-dfcfc59 elementor-widget elementor-widget-heading\" data-id=\"dfcfc59\" data-element_type=\"widget\" data-widget_type=\"heading.default\">\n\t\t\t\t\t<h2 class=\"elementor-heading-title elementor-size-default\">\ud83d\udcc5  \u00c0 vos verres : o\u00f9 Trincher en septembre ?<\/h2>\t\t\t\t<\/div>\n\t\t\t\t<div class=\"elementor-element elementor-element-6bdd224 elementor-widget elementor-widget-text-editor\" data-id=\"6bdd224\" data-element_type=\"widget\" data-widget_type=\"text-editor.default\">\n\t\t\t\t\t\t\t\t\t<h3>\ud83d\udccd R\u00e9gion de Lisbonne<\/h3>\n<p><strong>Lisbonne \u2013 2 septembre, 20h \u2013 12 \u20ac<\/strong><br \/><strong>D\u00e9gustation de Bi\u00e8res fran\u00e7aises Jenlain<\/strong><br \/>Blonde, Ambr\u00e9e, Blanche, Triple, IPA, Rouge \u2013 bi\u00e8res iconiques du nord de la France.<br \/>\ud83d\udccd Club des Ch\u00e2teaux<br \/>\ud83d\udc49\u00a0<a href=\"https:\/\/gmkc4.r.bh.d.sendibt3.com\/mk\/cl\/f\/4R-Dnc1YJ70Oax7wy33dwM7ZQoMvNUHBw5NTs2i8nG0hKLgtqqo1V3oHAATaSMLx7-msW010XqQttB5Z_qpwHEJR6D-qTrcuMaIBE7HHkNc5p9Zo_NjX8WInT5-NUyExNla1nxGKHVTBZ48rwZtYTcSHwa8iQpJunk3UMBxpjtTBTNPMiNuzDMm45GJl2IfX24uUSxkZ7MEOWjz7CmlipcP-ahgrTPDcVLzUSIRaqrRCNwhWAg\" target=\"_blank\" rel=\"noopener\">Comprar ingressos<\/a><\/p>\n<hr \/>\n<p><strong>Lisbonne \u2013 6 septembre, 17h \u2013 15 \u20ac \u00e0 25 \u20ac<\/strong><br \/><strong>Wine Affair \u2013 Sparkling Edition<\/strong><br \/>D\u00e9gustation de plus de 100 r\u00e9f\u00e9rences d\u2019espumantes portugais, producteurs pr\u00e9sents, mets gastronomiques et vue sur le Tejo.<br \/>\ud83d\udccd Hyatt Regency \u2013 R. da Junqueira 63<br \/>\ud83d\udc49\u00a0<a href=\"https:\/\/gmkc4.r.bh.d.sendibt3.com\/mk\/cl\/f\/N2nXCauazEyeW3dzbpIFSNImhCA1slFF7Dq0yul8HGmSPrNy0_gZvPHgMO46YvxujSEc661MCsq7E5ESbsErYmC-q2R1iSS3dGZKCejmv8DF0sO3frGR2MCbaELFLDatbE--kbNSIe7VZ0edxVdHL2w0MTyfIyqOJnH4lA-PAR2qsz3RACvUPa6467jgYanLdbwUOg\" target=\"_blank\" rel=\"noopener\">Billetterie \u00e0 venir<\/a><\/p>\n<hr \/>\n<p><strong>Lisbonne \u2013 7 septembre, 13h \u2013 125 \u20ac<\/strong><br \/><strong>Almo\u00e7o V\u00ednico Morgado do Quint\u00e3o<\/strong><br \/>D\u00e9jeuner de vendanges pr\u00e9par\u00e9 par la cheffe No\u00e9lia Jer\u00f3nimo autour des vins de l\u2019Algarve.<br \/>\ud83d\udccd Resid\u00eancia by Jo\u00e3o Rodrigues<br \/>\ud83d\udce7\u00a0<a href=\"mailto:reservas@residenciajr.pt\">reservas@residenciajr.pt<\/a>\u00a0\/ \ud83d\udcde 967 850 012<\/p>\n<hr \/>\n<p><strong>Lisbonne \u2013 9 septembre, 20h \u2013 12 \u20ac<\/strong><br \/><strong>Vins du Br\u00e9sil \u2013 Casa BROCARDO<\/strong><br \/>Domaine prim\u00e9 pour ses effervescents (Rio Grande do Sul). Le producteur participera en direct sur \u00e9cran.<br \/>\ud83d\udccd Club des Ch\u00e2teaux<br \/>\ud83d\udc49\u00a0<a href=\"https:\/\/gmkc4.r.bh.d.sendibt3.com\/mk\/cl\/f\/YODsjG9RvXYNcu73nVPDhDXOD-Ys_a5HwT5iT51mIznOlIVnQfkwuf2oe12hzg5_uuPeElku_ZRrfpUfAlReSPH6U3u5-NRs6mMDCU2IGeJZyTXG473hVfjJz29ZXoMjHpfkiz2vtP33DfbLE0lz1T0NFqGPDZNKwIXYkzUKYMYdRyaRo3VLoPxzQFKyCbMELWwfH_c4ta8Mp15aIEZRvu6PWCDPwqi2g5pTu1ghJN6Ce5PXCSAZtv9ytq4zyvhvNnZycoHqwwSZG_hqP_MZrXmv6yyDS4rY1CYYB6ZzzteVT1GbqEmgOsBm_pg\" target=\"_blank\" rel=\"noopener\">Comprar ingressos<\/a><\/p>\n<hr \/>\n<p><strong>Lisbonne \u2013 16 septembre, 20h \u2013 20 \u20ac<\/strong><br \/><strong>D\u00e9gustation de Vins de Porto<\/strong><br \/>LBV, Colheita, Ruby, Tawny, Reserva, White Port \u2013 d\u00e9couvrez les secrets des grands Porto.<br \/>\ud83d\udccd Club des Ch\u00e2teaux<br \/>\ud83d\udc49\u00a0<a href=\"https:\/\/gmkc4.r.bh.d.sendibt3.com\/mk\/cl\/f\/6N4AcI37P5DT8l0jT-zeF3K60XHmwpNf7HXP9vdDZbDDwtEfWATMJf1Tq45HFuNvhTMVTYzlMgRWQdB1dTOIWzsLubad1qUN0vdM8sSmUaYeEpTrKqMfb037tOK3P-hzSC-of5nfphQU8SfTbhRniK0aQ7fz0CujhwePdn914vmiqLNOj0I8boM9UirFfxv_yPAiKxiQsD2ukusIgdlmXjm0sP0VpGJH6v43FrQwaYzqlQ\" target=\"_blank\" rel=\"noopener\">Reservar PT\/EN<\/a><\/p>\n<hr \/>\n<p><strong>Lisbonne \u2013 24 septembre, 20h \u2013 Gratuit (r\u00e9servation obligatoire)<\/strong><br \/><strong>D\u00e9gustation Alsace, Hu\u00eetres &amp; Foie Gras<\/strong><br \/>Accords mets-vins raffin\u00e9s avec hu\u00eetres du Portugal et foie gras du chef Lo\u00efc (restaurant Andr\u00e9), accompagn\u00e9s de Gewurztraminer, Riesling et Pinot Gris d\u2019Alsace.<br \/>\ud83d\udccd\u00a0<a href=\"https:\/\/gmkc4.r.bh.d.sendibt3.com\/mk\/cl\/f\/HGzNM455X8puBBU9yD8q4V-2Uz-yXGly8i5jN3Sv89wRpIRCo3SwBZRLFdaShN26bYocmAG-jt6bzTXQkrhc-J6Y50zXC3T8Wuz-HNM9eiggUUY79HxuhCeGjI88b1Qc9Mg5nOj0ttHOGgIC7sqhoIfPu1mEQL0OdZEK_GLRzQk7oH1GlX2DDfWPY-p-YvglsBENYw8K2oyJENylo-o\" target=\"_blank\" rel=\"noopener\">Garrafeira Nicolas \u2013 Lisboa<\/a><br \/>\ud83d\udcde R\u00e9servation par t\u00e9l\u00e9phone ou WhatsApp : +351 910 390 005<\/p>\n<hr \/>\n<h3>\ud83d\udccd R\u00e9gion de Porto<\/h3>\n<p><strong>Porto \u2013 6 septembre, 16h \u2013 20 \u20ac (10 \u20ac remboursables)<\/strong><br \/><strong>Prova Cega : Moscat\u00e9is de Set\u00fabal<\/strong><br \/>D\u00e9gustation \u00e0 l\u2019aveugle d\u2019un grand classique portugais, en pr\u00e9sence des sommeliers de Mind the Glass.<br \/>\ud83d\udccd Mind the Glass<br \/>\ud83d\udce7\u00a0<a href=\"mailto:reservas@mindtheglass.pt\">reservas@mindtheglass.pt<\/a><\/p>\n<hr \/>\n<p><strong>Maia \u2013 13 septembre, 16h-20h \u2013 100 \u20ac<\/strong><br \/><strong>8 Ra\u00e7as, 8 Chefes, 8 Vinhos<\/strong><br \/>Showcookings, accords mets &amp; vins autour des races autochtones portugaises. 8 chefs, 8 c\u00e9pages, 8 plats.<br \/>\ud83d\udccd Weber Store Porto<br \/>\ud83d\udc49\u00a0<a href=\"https:\/\/gmkc4.r.bh.d.sendibt3.com\/mk\/cl\/f\/-uPxVkXa7xU0UiALTzObDlJV5ap3LmHadXK_2_-kb6tQYDJB5DOgmV4lLC6Qy3rBNZTatVB2iWfZMK4vcxwWSEaQHUjKiyJ82sQvtw819SXoHQ6LlyAlmq1Qegj7djswBpCCYdl422-hnM6LtcuYQjJ3IdREvmB0zKeP1ds4wLRZ9mfKT3ScFc62hU56KJdm0eX2bekeNKQaXXLZp8mNiRfdULZA6mEKKmwgrT9IKS2KM_jkHOz8e7RrFVCp55QhwmzcqgR3\" target=\"_blank\" rel=\"noopener\">Billetterie ici<\/a><\/p>\n<hr \/>\n<h3>\ud83d\udccd Autres r\u00e9gions du Portugal<\/h3>\n<p><strong>Anadia \u2013 1 \u00e0 5 septembre \u2013 30 \u20ac<\/strong><br \/><strong>Curso Intensivo de Vinifica\u00e7\u00e3o<\/strong><br \/>Formation compl\u00e8te sur la vinification \u00e0 la Station Vitivin\u00edcola da Bairrada.<br \/>\ud83d\udccd CCDR Centro \u2013 Esta\u00e7\u00e3o Vitivin\u00edcola da Bairrada<br \/>\ud83d\udc49\u00a0<a href=\"https:\/\/gmkc4.r.bh.d.sendibt3.com\/mk\/cl\/f\/CQ38u80zDYDDqaZ5MjavZO_1QmTypEyFLETE5zHXnZ3JEGOjXLzLLSp8jTgthuK3kasW_9E4Xp6UhY2l0XlHvSPEfDJz5ZsxT613L4e6v4ynbNM2lzt25yIxwdh9WJBMXSjjBNKc63dkq7dYeclXXxfr7lM1ZTD_lR6W2WcjIlBrqZiw0Zqcof5QVWnFdBi7SCdckDzA-lcoVQ8hV6wx1sjX47RayXy9dB510ZqDQFVZ7sWpN-tUyn9KwIhBdhakbN2doo2y3xxbwdBu5oIOxxVFo2JwSgb2JYYx1cq-YxJF3dE\" target=\"_blank\" rel=\"noopener\">S\u2019inscrire ici<\/a><\/p>\n<hr \/>\n<p><strong>Loures \u2013 5 \u00e0 7 septembre<\/strong><br \/><strong>Loures Wine &amp; Jazz<\/strong><br \/>Vin &amp; jazz dans le parc Ad\u00e3o Barata avec focus sur les vins de Bucelas. Entr\u00e9e libre.<br \/>\ud83d\udccd Parque Ad\u00e3o Barata<\/p>\n<hr \/>\n<p><strong>S. Jo\u00e3o da Pesqueira \u2013 5 \u00e0 7 septembre<\/strong><br \/><strong>Vindouro \u2013 Wine and History<\/strong><br \/>F\u00eate pombaline avec march\u00e9 local, concerts, d\u00e9gustations et recr\u00e9ations historiques.<br \/>\ud83d\udccd Pal\u00e1cio do Cabo<\/p>\n<hr \/>\n<p><strong>Alenquer \u2013 11 \u00e0 14 septembre<\/strong><br \/><strong>Alma do Vinho 2025<\/strong><br \/>Festival autour du vin, de la culture et de la gastronomie. Concerts, d\u00e9gustations et traditions viticoles locales dans une ambiance festive.<br \/>\ud83d\udccd Pra\u00e7a Lu\u00eds de Cam\u00f5es, Alenquer<br \/>\ud83d\udce7 comunicacao@cm-alenquer.pt \/ \u260e\ufe0f +351 263 730 900<\/p>\n<hr \/>\n<p><strong>Tomar \u2013 13 septembre, 19h-23h \u2013 35 \u20ac<\/strong><br \/><strong>Sunset na Vinha \u2013 II Edi\u00e7\u00e3o<\/strong><br \/>Roda de samba, DJ, porco \u00e0 l\u2019espeto, cocktails artisanaux dans les vignes du domaine Margaval.<br \/>\ud83d\udccd Margaval Vinhos \u2013 Rua das Figueiras, Serra<br \/>\ud83d\udcde 916 734 600<\/p>\n<hr \/>\n<p><strong>Funchal \u2013 Jusqu\u2019au 14 septembre<\/strong><br \/><strong>Festa do Vinho da Madeira<\/strong><br \/>F\u00eate du vin embl\u00e9matique de l\u2019\u00eele : concerts, d\u00e9gustations et animations \u00e0 la Pra\u00e7a do Povo.<br \/>\ud83d\udccd Pra\u00e7a do Povo, Funchal<\/p>\t\t\t\t\t\t\t\t<\/div>\n\t\t\t\t\t<\/div>\n\t\t\t\t<\/div>\n\t\t<div class=\"elementor-element elementor-element-ffd1219 e-flex e-con-boxed e-con e-parent\" data-id=\"ffd1219\" data-element_type=\"container\" data-settings=\"{&quot;background_background&quot;:&quot;classic&quot;}\">\n\t\t\t\t\t<div class=\"e-con-inner\">\n\t\t<div class=\"elementor-element elementor-element-e8076e6 e-con-full e-flex e-con e-child\" data-id=\"e8076e6\" data-element_type=\"container\">\n\t\t<div class=\"elementor-element elementor-element-fce77fa e-con-full e-flex e-con e-child\" data-id=\"fce77fa\" data-element_type=\"container\">\n\t\t\t\t<div class=\"elementor-element elementor-element-8d26426 elementor-widget elementor-widget-heading\" data-id=\"8d26426\" data-element_type=\"widget\" data-widget_type=\"heading.default\">\n\t\t\t\t\t<h2 class=\"elementor-heading-title elementor-size-default\">\ud83c\udf47 Panique en Champagne<\/h2>\t\t\t\t<\/div>\n\t\t\t\t<\/div>\n\t\t<div class=\"elementor-element elementor-element-708a4f5 e-con-full e-flex e-con e-child\" data-id=\"708a4f5\" data-element_type=\"container\" data-settings=\"{&quot;background_background&quot;:&quot;classic&quot;}\">\n\t\t\t\t<\/div>\n\t\t\t\t<\/div>\n\t\t\t\t<div class=\"elementor-element elementor-element-0b1a528 elementor-widget elementor-widget-text-editor\" data-id=\"0b1a528\" data-element_type=\"widget\" data-widget_type=\"text-editor.default\">\n\t\t\t\t\t\t\t\t\t<p>Les vendanges ont commenc\u00e9 dans la panique le\u00a0<strong>21 ao\u00fbt<\/strong>\u00a0dans les secteurs les plus pr\u00e9coces de Champagne. Le\u00a0<strong>lundi 25 ao\u00fbt<\/strong>, le gros du vignoble a \u00e0 son tour d\u00e9but\u00e9. Panique, en effet, car d\u00e9but juillet, la plupart des professionnels tablaient sur une vendange d\u00e9but septembre, conforme au dicton champenois\u202f:\u00a0<em>\u00ab\u202fles vendanges, 90 jours apr\u00e8s la floraison.\u202f\u00bb<\/em><\/p>\n<p>La canicule de juin, suivie des pluies abondantes de la deuxi\u00e8me quinzaine de juillet, puis la seconde canicule de mi-ao\u00fbt, ont eu raison de la tradition. Jamais dans l\u2019histoire de la Champagne une telle vitesse de maturation n\u2019avait \u00e9t\u00e9 observ\u00e9e. Autour du\u00a0<strong>15 ao\u00fbt<\/strong>, une augmentation du taux de sucre \u2013 exprim\u00e9 en \u00e9quivalent alcoolique \u2013 de\u00a0<strong>1,5\u00ba en trois jours<\/strong>\u00a0a \u00e9t\u00e9 constat\u00e9e.\u00a0<strong>In\u00e9dit\u202f!<\/strong>\u00a0Le r\u00e9chauffement climatique aura la peau des vieux dictons. D\u00e9sormais, les Champenois pr\u00e9voient les vendanges\u00a0<strong>80 jours apr\u00e8s la floraison<\/strong>.<\/p>\n<h3>\ud83c\udf47 Des raisins sains, mais quotas en baisse<\/h3>\n<p>La panique ne se manifeste pas dans les vignes\u202f: les raisins sont sains, sucr\u00e9s, et suffisamment abondants pour atteindre le quota l\u00e9gal de cueillette de\u00a0<strong>9\u202f000\u202fkg\/ha<\/strong>\u00a0(kilogrammes par hectare), un maximum fix\u00e9 chaque ann\u00e9e par la profession selon les pr\u00e9visions de vente et les stocks en cave.<\/p>\n<p>Cette ann\u00e9e, ce seuil est\u00a0<strong>10\u202f% inf\u00e9rieur<\/strong>\u00a0\u00e0 celui de 2024, et\u00a0<strong>20\u202f% inf\u00e9rieur<\/strong>\u00a0\u00e0 celui de 2023, cons\u00e9quence du ralentissement des ventes pass\u00e9es (et \u00e0 venir), dans un contexte o\u00f9 le champagne, avec le cognac, est l\u2019une des r\u00e9gions les plus touch\u00e9es par les taxes am\u00e9ricaines.<\/p>\n<h3>\ud83e\udd2f La vraie urgence : trouver des bras<\/h3>\n<p>La panique est ailleurs\u202f: dans le recrutement des cueilleurs. Pr\u00e9vues initialement une semaine plus tard, de nombreuses maisons de champagne ont r\u00e9alis\u00e9 trop tard l&rsquo;acc\u00e9l\u00e9ration in\u00e9dite de la maturation, prenant \u00e0 contre-pied les informations transmises plus t\u00f4t dans l\u2019\u00e9t\u00e9 \u00e0 leurs \u00e9quipes.<\/p>\n<p>Beaucoup de cueilleurs sont encore en vacances. La manne habituelle des \u00e9tudiants de Reims ou de Troyes n\u2019est pas encore disponible, et\u00a0<strong>manque \u00e0 l\u2019appel<\/strong>. Enfin, avec des vendanges d\u00e9marrant en ao\u00fbt \u2013 et m\u00eame si la Champagne n\u2019est pas une grande r\u00e9gion touristique \u2013 les h\u00f4tels sont encore occup\u00e9s par les vacanciers, compliquant le\u00a0<strong>logement des vendangeurs<\/strong>.<\/p>\n<h3>\ud83c\udf24\ufe0f Heureusement, la m\u00e9t\u00e9o suit<\/h3>\n<p>Fort heureusement, la m\u00e9t\u00e9o est avec les Champenois\u202f: les\u00a0<strong>nuits sont fra\u00eeches<\/strong>, les\u00a0<strong>journ\u00e9es temp\u00e9r\u00e9es<\/strong>. Les raisins resteront sains plus longtemps que d\u2019habitude, ce qui devrait permettre de rentrer toute la r\u00e9colte sans encombre.<\/p>\n<p><strong>Prochaine \u00e9tape\u202f:<\/strong>\u00a0direction la cuverie pour la\u00a0<strong>premi\u00e8re fermentation<\/strong>. \u00c0 bient\u00f4t \ud83c\udf7e<\/p>\n<p>De notre correspondant \u00ab\u00a0presque\u00a0\u00bb permanent en Champagne :\u00a0<strong>Beno\u00eet BARBIER<\/strong><\/p>\t\t\t\t\t\t\t\t<\/div>\n\t\t\t\t<div class=\"elementor-element elementor-element-57061ac elementor-widget elementor-widget-image\" data-id=\"57061ac\" data-element_type=\"widget\" data-widget_type=\"image.default\">\n\t\t\t\t\t\t\t\t\t\t\t\t\t\t\t<img decoding=\"async\" width=\"225\" height=\"225\" src=\"https:\/\/trinchclub.com\/wp-content\/uploads\/2025\/11\/trinchclub-barbier-logo.png\" class=\"attachment-full size-full wp-image-990\" alt=\"\" srcset=\"https:\/\/trinchclub.com\/wp-content\/uploads\/2025\/11\/trinchclub-barbier-logo.png 225w, https:\/\/trinchclub.com\/wp-content\/uploads\/2025\/11\/trinchclub-barbier-logo-150x150.png 150w, https:\/\/trinchclub.com\/wp-content\/uploads\/2025\/11\/trinchclub-barbier-logo-12x12.png 12w\" sizes=\"(max-width: 225px) 100vw, 225px\" \/>\t\t\t\t\t\t\t\t\t\t\t\t\t\t\t<\/div>\n\t\t\t\t<div class=\"elementor-element elementor-element-52f652e elementor-widget elementor-widget-text-editor\" data-id=\"52f652e\" data-element_type=\"widget\" data-widget_type=\"text-editor.default\">\n\t\t\t\t\t\t\t\t\t<p>Beno\u00eet BARBIER<br \/>Propri\u00e9taire-R\u00e9coltant<br \/>\u00a0<\/p>\n<p><strong>Champagne Barbier-Roze<\/strong><br \/>+351 965 155 458<br \/><a href=\"https:\/\/gmkc4.r.bh.d.sendibt3.com\/mk\/cl\/f\/9i75R24X0LBtCX8TyFR5gRkEMmRJMLABiGv0wRuAN3f5mT4f890j5EHg5XM2GOyjnmJYF8YLmM4Vd7C1bKJF8fDFXTzFKSrr7Mk2rynOav_v6kM0KNFg0foj6QdYKJGZfrBJ8jBwDcOt3M3nOMAb-2bWeu_Hb7HhG1BOe8mPOIsmFNp__uT0hYNx1c-A6q2kBw\" target=\"_blank\" rel=\"noopener\">barbier-roze.com<\/a><\/p>\n<p>Caves en France:<br \/>16 rue Chanzy, Verzenay<br \/>Adega em Portugal:<br \/>Rua de Campolide 164-E, Lisboa<\/p>\n<p>\u00a0<\/p>\n<p><strong>Achetez 5 bouteilles, repartez avec 6 avec le code \u00ab\u00a0TRINCH\u00a0\u00bb *<\/strong><\/p>\n<p>Commande par email :\u00a0<a href=\"mailto:champagne@barbier-roze.com; contact@trinchclub.com?subject=Commande%20TRINCH%206%20pour%20le%20prix%20de%205\" target=\"_blank\" rel=\"noopener\">champagne@barbier-roze.com<\/a><\/p>\n<p>*Non cumulable avec d\u2019autres offres.<\/p>\t\t\t\t\t\t\t\t<\/div>\n\t\t\t\t<div class=\"elementor-element elementor-element-f353764 elementor-widget elementor-widget-image\" data-id=\"f353764\" data-element_type=\"widget\" data-widget_type=\"image.default\">\n\t\t\t\t\t\t\t\t\t\t\t\t<figure class=\"wp-caption\">\n\t\t\t\t\t\t\t\t\t\t<img decoding=\"async\" width=\"1920\" height=\"2560\" src=\"https:\/\/trinchclub.com\/wp-content\/uploads\/2025\/11\/trinchclub-mesure-vin-barbier-scaled.jpg\" class=\"attachment-full size-full wp-image-1000\" alt=\"\" srcset=\"https:\/\/trinchclub.com\/wp-content\/uploads\/2025\/11\/trinchclub-mesure-vin-barbier-scaled.jpg 1920w, https:\/\/trinchclub.com\/wp-content\/uploads\/2025\/11\/trinchclub-mesure-vin-barbier-225x300.jpg 225w, https:\/\/trinchclub.com\/wp-content\/uploads\/2025\/11\/trinchclub-mesure-vin-barbier-768x1024.jpg 768w, https:\/\/trinchclub.com\/wp-content\/uploads\/2025\/11\/trinchclub-mesure-vin-barbier-1152x1536.jpg 1152w, https:\/\/trinchclub.com\/wp-content\/uploads\/2025\/11\/trinchclub-mesure-vin-barbier-1536x2048.jpg 1536w, https:\/\/trinchclub.com\/wp-content\/uploads\/2025\/11\/trinchclub-mesure-vin-barbier-9x12.jpg 9w\" sizes=\"(max-width: 1920px) 100vw, 1920px\" \/>\t\t\t\t\t\t\t\t\t\t\t<figcaption class=\"widget-image-caption wp-caption-text\">Photo ci-dessus : mesure du potentiel alcoolique des raisins avec r\u00e9fractom\u00e8tre.<\/figcaption>\n\t\t\t\t\t\t\t\t\t\t<\/figure>\n\t\t\t\t\t\t\t\t\t<\/div>\n\t\t\t\t\t<\/div>\n\t\t\t\t<\/div>\n\t\t<div class=\"elementor-element elementor-element-f65ea07 e-flex e-con-boxed e-con e-parent\" data-id=\"f65ea07\" data-element_type=\"container\" data-settings=\"{&quot;background_background&quot;:&quot;classic&quot;}\">\n\t\t\t\t\t<div class=\"e-con-inner\">\n\t\t<div class=\"elementor-element elementor-element-5e19fc5 e-con-full e-flex e-con e-child\" data-id=\"5e19fc5\" data-element_type=\"container\">\n\t\t<div class=\"elementor-element elementor-element-917dc72 e-con-full e-flex e-con e-child\" data-id=\"917dc72\" data-element_type=\"container\">\n\t\t\t\t<div class=\"elementor-element elementor-element-d019a52 elementor-widget__width-initial elementor-widget elementor-widget-heading\" data-id=\"d019a52\" data-element_type=\"widget\" data-widget_type=\"heading.default\">\n\t\t\t\t\t<h2 class=\"elementor-heading-title elementor-size-default\">\ud83c\udf1e Focus sur l'Algarve<\/h2>\t\t\t\t<\/div>\n\t\t\t\t<\/div>\n\t\t<div class=\"elementor-element elementor-element-b255319 e-con-full e-flex e-con e-child\" data-id=\"b255319\" data-element_type=\"container\" data-settings=\"{&quot;background_background&quot;:&quot;classic&quot;}\">\n\t\t\t\t<\/div>\n\t\t\t\t<\/div>\n\t\t\t\t<div class=\"elementor-element elementor-element-89fd108 elementor-widget elementor-widget-text-editor\" data-id=\"89fd108\" data-element_type=\"widget\" data-widget_type=\"text-editor.default\">\n\t\t\t\t\t\t\t\t\t<p><strong>\u00c9t\u00e9 oblige<\/strong>, on file vers le sud, l\u00e0 o\u00f9 les collines roussies plongent dans l\u2019Atlantique. Un soir, attabl\u00e9s \u00e0 Portim\u00e3o, un serveur nous recommande un\u00a0<strong>Cabrita Blanc<\/strong>\u00a0bien frais. Bonne pioche.<\/p>\n<p>Assemblage de\u00a0<strong>Arinto<\/strong>,\u00a0<strong>Verdelho<\/strong>,\u00a0<strong>Gouveio<\/strong>\u00a0et\u00a0<strong>Encruzado<\/strong>, ce vin blanc r\u00e9gional est une jolie surprise\u202f:\u00a0<em>nez floral, bouche saline, finale vive<\/em>\u2026 Parfait avec le poulpe grill\u00e9.<\/p>\n<p>Ce\u00a0<strong>domaine familial<\/strong>, nich\u00e9 dans la vall\u00e9e de l\u2019Arade, cultive une dizaine d\u2019hectares depuis 1977. Le projet s\u2019est d\u00e9velopp\u00e9 dans les ann\u00e9es 2000 avec l\u2019ambition de valoriser les\u00a0<strong>c\u00e9pages autochtones<\/strong>\u00a0comme la\u00a0<strong>Negra Mole<\/strong>\u00a0(en rouge) ou encore l\u2019Arinto et le Moscatel.<\/p>\n<p><strong>Le style Cabrita\u202f?<\/strong>\u00a0Des vins droits, sans chichi, bien faits et attach\u00e9s \u00e0 leur terroir. Mention sp\u00e9ciale, para\u00eet-il, pour leur\u00a0<em>Reserva rouge<\/em>, s\u00e9rieux mais solaire.<\/p>\n<h3>\ud83c\udf47 L\u2019Algarve, un vignoble peu connu<\/h3>\n<p>Connue pour ses plages, l\u2019Algarve l\u2019est moins pour ses vins\u2026 et pourtant\u202f! Le climat chaud est temp\u00e9r\u00e9 par l\u2019influence de l\u2019Atlantique et prot\u00e9g\u00e9 par la Serra de Monchique.<\/p>\n<p>On y retrouve des c\u00e9pages bien portugais (Aragon\u00eas, Trincadeira, Castel\u00e3o\u2026), mais aussi quelques blancs surprenants. Les rendements sont faibles, les exploitations souvent familiales, et l\u2019accueil toujours g\u00e9n\u00e9reux.<\/p>\n<p><strong>Envie de tenter l\u2019exp\u00e9rience Cabrita\u202f?<\/strong><br \/>\ud83d\udc49\u00a0<a href=\"https:\/\/gmkc4.r.bh.d.sendibt3.com\/mk\/cl\/f\/basRhKFPRKwAY9HIfWHZkMCtNNQEZsgJHlBhSHUZHANLLdjbVLSeNcqXb7HCD7dig1hGQN5UZjZ4xj2DuiUEkaHmSf5XEvHUpSu5B0TdqxHuhLJO4_BMAXK0FyR295dy5zFKQh83w6tVyDHI6g1PSsxWzSNpTFJDQQj6t2shdvT4R9VVliKv1nhOYYZQ0v4qD6vHOEw\" target=\"_blank\" rel=\"noopener\">cabritawines.com<\/a><\/p>\t\t\t\t\t\t\t\t<\/div>\n\t\t\t\t<div class=\"elementor-element elementor-element-bde8a48 elementor-widget elementor-widget-image\" data-id=\"bde8a48\" data-element_type=\"widget\" data-widget_type=\"image.default\">\n\t\t\t\t\t\t\t\t\t\t\t\t\t\t\t<img loading=\"lazy\" decoding=\"async\" width=\"1536\" height=\"1024\" src=\"https:\/\/trinchclub.com\/wp-content\/uploads\/2025\/11\/trinchclub-septembre-marrons.png\" class=\"attachment-full size-full wp-image-1002\" alt=\"\" srcset=\"https:\/\/trinchclub.com\/wp-content\/uploads\/2025\/11\/trinchclub-septembre-marrons.png 1536w, https:\/\/trinchclub.com\/wp-content\/uploads\/2025\/11\/trinchclub-septembre-marrons-300x200.png 300w, https:\/\/trinchclub.com\/wp-content\/uploads\/2025\/11\/trinchclub-septembre-marrons-1024x683.png 1024w, https:\/\/trinchclub.com\/wp-content\/uploads\/2025\/11\/trinchclub-septembre-marrons-768x512.png 768w, https:\/\/trinchclub.com\/wp-content\/uploads\/2025\/11\/trinchclub-septembre-marrons-18x12.png 18w\" sizes=\"(max-width: 1536px) 100vw, 1536px\" \/>\t\t\t\t\t\t\t\t\t\t\t\t\t\t\t<\/div>\n\t\t\t\t\t<\/div>\n\t\t\t\t<\/div>\n\t\t<div class=\"elementor-element elementor-element-585ecb8 e-flex e-con-boxed e-con e-parent\" data-id=\"585ecb8\" data-element_type=\"container\" data-settings=\"{&quot;background_background&quot;:&quot;classic&quot;}\">\n\t\t\t\t\t<div class=\"e-con-inner\">\n\t\t\t\t<div class=\"elementor-element elementor-element-22e7b97 elementor-widget elementor-widget-text-editor\" data-id=\"22e7b97\" data-element_type=\"widget\" data-widget_type=\"text-editor.default\">\n\t\t\t\t\t\t\t\t\t<h3>\ud83d\udcda Culture vin sans chichi<\/h3>\n<p><strong>\ud83c\udf47 Vendanges tardives : les raisins miracul\u00e9s<\/strong><br \/>Comment certains raisins attendent des semaines apr\u00e8s les autres sans se g\u00e2ter\u202f?<br \/>Les vendanges tardives ne sont pas des vendanges oubli\u00e9es \ud83d\ude09 : on laisse volontairement les raisins sur pied\u00a0<strong>bien apr\u00e8s leur maturit\u00e9 normale<\/strong>, pour concentrer les ar\u00f4mes et le sucre.<\/p>\n<p><strong>\ud83d\udee1\ufe0f Le secret ? C\u00e9pages costauds &amp; terroirs a\u00e9r\u00e9s<\/strong><br \/>Certains c\u00e9pages r\u00e9sistent bien gr\u00e2ce \u00e0 leur\u00a0<strong>peau \u00e9paisse<\/strong>\u00a0et au vent qui s\u00e8che l\u2019humidit\u00e9 :<br \/>\u2013 Gewurztraminer, Riesling (Alsace)<br \/>\u2013 Chenin (Loire)<br \/>\u2013 Furmint (Tokaj, Hongrie)<\/p>\n<p><strong>\ud83c\udf2b\ufe0f La magie de la pourriture noble<\/strong><br \/>Dans certains cas (Sauternes, Tokaj\u2026), le champignon\u00a0<strong>Botrytis cinerea<\/strong>\u00a0ass\u00e8che les raisins sans les pourrir :<br \/>\ud83d\udc49 R\u00e9sultat : des grains confits, tr\u00e8s concentr\u00e9s en sucre, pour des vins liquoreux puissants.<\/p>\n<p><strong>\u2744\ufe0f Le froid ralentit tout<\/strong><br \/>\u00c0 l\u2019approche de l\u2019hiver, le froid freine les moisissures et\u00a0<strong>concentre les baies<\/strong>.<br \/>\ud83d\udc49 En Alsace, Autriche ou au Canada, les raisins peuvent m\u00eame geler sur pied pour cr\u00e9er\u2026 un\u00a0<strong>vin de glace<\/strong>\u00a0!<\/p>\n<p><strong>\ud83d\udca1 Moralit\u00e9<\/strong><br \/>Les vendanges tardives sont un pari risqu\u00e9, mais offrent des\u00a0<strong>vins doux exceptionnels<\/strong>, tr\u00e8s aromatiques\u2026 et taill\u00e9s pour la garde.<\/p>\t\t\t\t\t\t\t\t<\/div>\n\t\t\t\t<div class=\"elementor-element elementor-element-5b4ccb2 elementor-widget elementor-widget-text-editor\" data-id=\"5b4ccb2\" data-element_type=\"widget\" data-widget_type=\"text-editor.default\">\n\t\t\t\t\t\t\t\t\t<h3>\ud83e\uddc3 Le coin des potins<\/h3>\n<p><strong>\ud83d\udca1 Partagez vos trouvailles !<\/strong><br \/>Envoyez-nous vos plus belles d\u00e9couvertes viticoles&#8230; mais aussi vos pires exp\u00e9riences !<br \/>On veut tout savoir, du nectar rare au fiasco en carafe.<\/p>\n<p><strong>\ud83d\udcc5 Vous organisez un \u00e9v\u00e9nement autour du vin ?<\/strong><br \/>Pr\u00e9venez-nous ! Le Trinch Club se fera un plaisir de relayer vos d\u00e9gustations, salons, rencontres ou vendanges conviviales.<\/p>\n<p>\ud83d\udcec\u00a0<strong>\u00c9crivez-nous \u00e0<\/strong>\u00a0:\u00a0<a href=\"mailto:contact@trinchclub.com\">contact@trinchclub.com<\/a><\/p>\t\t\t\t\t\t\t\t<\/div>\n\t\t\t\t<div class=\"elementor-element elementor-element-df7ceef elementor-widget-mobile__width-inherit elementor-widget elementor-widget-image\" data-id=\"df7ceef\" data-element_type=\"widget\" data-widget_type=\"image.default\">\n\t\t\t\t\t\t\t\t\t\t\t\t\t\t\t<img loading=\"lazy\" decoding=\"async\" width=\"1536\" height=\"1024\" src=\"https:\/\/trinchclub.com\/wp-content\/uploads\/2025\/11\/trinchclub-potins-septembre2025.png\" class=\"attachment-full size-full wp-image-1003\" alt=\"\" srcset=\"https:\/\/trinchclub.com\/wp-content\/uploads\/2025\/11\/trinchclub-potins-septembre2025.png 1536w, https:\/\/trinchclub.com\/wp-content\/uploads\/2025\/11\/trinchclub-potins-septembre2025-300x200.png 300w, https:\/\/trinchclub.com\/wp-content\/uploads\/2025\/11\/trinchclub-potins-septembre2025-1024x683.png 1024w, https:\/\/trinchclub.com\/wp-content\/uploads\/2025\/11\/trinchclub-potins-septembre2025-768x512.png 768w, https:\/\/trinchclub.com\/wp-content\/uploads\/2025\/11\/trinchclub-potins-septembre2025-18x12.png 18w\" sizes=\"(max-width: 1536px) 100vw, 1536px\" \/>\t\t\t\t\t\t\t\t\t\t\t\t\t\t\t<\/div>\n\t\t\t\t\t<\/div>\n\t\t\t\t<\/div>\n\t\t<div class=\"elementor-element elementor-element-1861055 e-flex e-con-boxed e-con e-parent\" data-id=\"1861055\" data-element_type=\"container\">\n\t\t\t\t\t<div class=\"e-con-inner\">\n\t\t\t\t<div class=\"elementor-element elementor-element-94d8508 elementor-widget elementor-widget-heading\" data-id=\"94d8508\" data-element_type=\"widget\" data-widget_type=\"heading.default\">\n\t\t\t\t\t<h3 class=\"elementor-heading-title elementor-size-default\">\u00ab\u202fL\u2019abus d\u2019alcool est dangereux pour la sant\u00e9, Trincher avec mod\u00e9ration\u202f\u00bb<\/h3>\t\t\t\t<\/div>\n\t\t\t\t\t<\/div>\n\t\t\t\t<\/div>\n\t\t<div class=\"elementor-element elementor-element-bd05907 e-flex e-con-boxed e-con e-parent\" data-id=\"bd05907\" data-element_type=\"container\">\n\t\t\t\t\t<div class=\"e-con-inner\">\n\t\t\t\t<div class=\"elementor-element elementor-element-6670112 elementor-posts__hover-none elementor-grid-3 elementor-grid-tablet-2 elementor-grid-mobile-1 elementor-posts--thumbnail-top elementor-widget elementor-widget-posts\" data-id=\"6670112\" data-element_type=\"widget\" data-settings=\"{&quot;cards_row_gap&quot;:{&quot;unit&quot;:&quot;px&quot;,&quot;size&quot;:80,&quot;sizes&quot;:[]},&quot;cards_row_gap_tablet&quot;:{&quot;unit&quot;:&quot;px&quot;,&quot;size&quot;:71,&quot;sizes&quot;:[]},&quot;cards_row_gap_mobile&quot;:{&quot;unit&quot;:&quot;px&quot;,&quot;size&quot;:30,&quot;sizes&quot;:[]},&quot;cards_columns&quot;:&quot;3&quot;,&quot;cards_columns_tablet&quot;:&quot;2&quot;,&quot;cards_columns_mobile&quot;:&quot;1&quot;}\" data-widget_type=\"posts.cards\">\n\t\t\t\t<div class=\"elementor-widget-container\">\n\t\t\t\t\t\t\t<div class=\"elementor-posts-container elementor-posts elementor-posts--skin-cards elementor-grid\" role=\"list\">\n\t\t\t\t<article class=\"elementor-post elementor-grid-item post-1024 post type-post status-publish format-standard has-post-thumbnail hentry category-newsletter tag-novembre-2025\" role=\"listitem\">\n\t\t\t<div class=\"elementor-post__card\">\n\t\t\t\t<a class=\"elementor-post__thumbnail__link\" href=\"https:\/\/trinchclub.com\/en\/%f0%9f%8e%84-decembre-bulles-douceurs-et-grandes-tablees\/\" tabindex=\"-1\" ><div class=\"elementor-post__thumbnail\"><img loading=\"lazy\" decoding=\"async\" width=\"1024\" height=\"1536\" src=\"https:\/\/trinchclub.com\/wp-content\/uploads\/2025\/12\/c84325310498b1a44ee5deeb1b8d3c08dec2f456b5b88f951cc19f52ef474945.png\" class=\"attachment-full size-full wp-image-1025\" alt=\"\" srcset=\"https:\/\/trinchclub.com\/wp-content\/uploads\/2025\/12\/c84325310498b1a44ee5deeb1b8d3c08dec2f456b5b88f951cc19f52ef474945.png 1024w, https:\/\/trinchclub.com\/wp-content\/uploads\/2025\/12\/c84325310498b1a44ee5deeb1b8d3c08dec2f456b5b88f951cc19f52ef474945-200x300.png 200w, https:\/\/trinchclub.com\/wp-content\/uploads\/2025\/12\/c84325310498b1a44ee5deeb1b8d3c08dec2f456b5b88f951cc19f52ef474945-683x1024.png 683w, https:\/\/trinchclub.com\/wp-content\/uploads\/2025\/12\/c84325310498b1a44ee5deeb1b8d3c08dec2f456b5b88f951cc19f52ef474945-768x1152.png 768w, https:\/\/trinchclub.com\/wp-content\/uploads\/2025\/12\/c84325310498b1a44ee5deeb1b8d3c08dec2f456b5b88f951cc19f52ef474945-8x12.png 8w\" sizes=\"(max-width: 1024px) 100vw, 1024px\" \/><\/div><\/a>\n\t\t\t\t<div class=\"elementor-post__text\">\n\t\t\t\t<h3 class=\"elementor-post__title\">\n\t\t\t<a href=\"https:\/\/trinchclub.com\/en\/%f0%9f%8e%84-decembre-bulles-douceurs-et-grandes-tablees\/\" >\n\t\t\t\t\ud83c\udf84 D\u00e9cembre : bulles, douceurs et grandes tabl\u00e9es\t\t\t<\/a>\n\t\t<\/h3>\n\t\t\t\t<div class=\"elementor-post__excerpt\">\n\t\t\t<p>Dans les chais, les vins s\u2019affinent et se posent ; dans les caves, les bulles patientent sur lattes. Dehors, les vitrines s\u2019illuminent, et les tables s\u2019allongent : c\u2019est la saison<\/p>\n\t\t<\/div>\n\t\t\t\t\t<div class=\"elementor-post__read-more-wrapper\">\n\t\t\n\t\t<a class=\"elementor-post__read-more\" href=\"https:\/\/trinchclub.com\/en\/%f0%9f%8e%84-decembre-bulles-douceurs-et-grandes-tablees\/\" aria-label=\"Read more about \ud83c\udf84 D\u00e9cembre : bulles, douceurs et grandes tabl\u00e9es\" tabindex=\"-1\" >\n\t\t\tOuvrir la newsletter\t\t<\/a>\n\n\t\t\t\t\t<\/div>\n\t\t\t\t<\/div>\n\t\t\t\t\t<\/div>\n\t\t<\/article>\n\t\t\t\t<article class=\"elementor-post elementor-grid-item post-857 post type-post status-publish format-standard has-post-thumbnail hentry category-newsletter tag-novembre-2025\" role=\"listitem\">\n\t\t\t<div class=\"elementor-post__card\">\n\t\t\t\t<a class=\"elementor-post__thumbnail__link\" href=\"https:\/\/trinchclub.com\/en\/%f0%9f%8d%82-novembre-du-chai-a-la-cheminee\/\" tabindex=\"-1\" ><div class=\"elementor-post__thumbnail\"><img loading=\"lazy\" decoding=\"async\" width=\"1024\" height=\"1536\" src=\"https:\/\/trinchclub.com\/wp-content\/uploads\/2025\/11\/trinchclub-chai-novembre2025.png\" class=\"attachment-full size-full wp-image-859\" alt=\"\" srcset=\"https:\/\/trinchclub.com\/wp-content\/uploads\/2025\/11\/trinchclub-chai-novembre2025.png 1024w, https:\/\/trinchclub.com\/wp-content\/uploads\/2025\/11\/trinchclub-chai-novembre2025-200x300.png 200w, https:\/\/trinchclub.com\/wp-content\/uploads\/2025\/11\/trinchclub-chai-novembre2025-683x1024.png 683w, https:\/\/trinchclub.com\/wp-content\/uploads\/2025\/11\/trinchclub-chai-novembre2025-768x1152.png 768w, https:\/\/trinchclub.com\/wp-content\/uploads\/2025\/11\/trinchclub-chai-novembre2025-8x12.png 8w\" sizes=\"(max-width: 1024px) 100vw, 1024px\" \/><\/div><\/a>\n\t\t\t\t<div class=\"elementor-post__text\">\n\t\t\t\t<h3 class=\"elementor-post__title\">\n\t\t\t<a href=\"https:\/\/trinchclub.com\/en\/%f0%9f%8d%82-novembre-du-chai-a-la-cheminee\/\" >\n\t\t\t\t\ud83c\udf42 Novembre : du chai \u00e0 la chemin\u00e9e\t\t\t<\/a>\n\t\t<\/h3>\n\t\t\t\t<div class=\"elementor-post__excerpt\">\n\t\t\t<p>Dans les chais, les vins jeunes s\u2019assagissent peu \u00e0 peu. Le tumulte des vendanges a laiss\u00e9 place \u00e0 la s\u00e9r\u00e9nit\u00e9 des barriques : on chuchote, on respire, on s\u2019arrondit doucement.<\/p>\n\t\t<\/div>\n\t\t\t\t\t<div class=\"elementor-post__read-more-wrapper\">\n\t\t\n\t\t<a class=\"elementor-post__read-more\" href=\"https:\/\/trinchclub.com\/en\/%f0%9f%8d%82-novembre-du-chai-a-la-cheminee\/\" aria-label=\"Read more about \ud83c\udf42 Novembre : du chai \u00e0 la chemin\u00e9e\" tabindex=\"-1\" >\n\t\t\tOuvrir la newsletter\t\t<\/a>\n\n\t\t\t\t\t<\/div>\n\t\t\t\t<\/div>\n\t\t\t\t\t<\/div>\n\t\t<\/article>\n\t\t\t\t<article class=\"elementor-post elementor-grid-item post-724 post type-post status-publish format-standard has-post-thumbnail hentry category-newsletter tag-octobre-2025\" role=\"listitem\">\n\t\t\t<div class=\"elementor-post__card\">\n\t\t\t\t<a class=\"elementor-post__thumbnail__link\" href=\"https:\/\/trinchclub.com\/en\/newsletter-octobre-2025\/\" tabindex=\"-1\" ><div class=\"elementor-post__thumbnail\"><img loading=\"lazy\" decoding=\"async\" width=\"1024\" height=\"1536\" src=\"https:\/\/trinchclub.com\/wp-content\/uploads\/2025\/11\/trinchclub-newsletter-octobre.png\" class=\"attachment-full size-full wp-image-715\" alt=\"\" srcset=\"https:\/\/trinchclub.com\/wp-content\/uploads\/2025\/11\/trinchclub-newsletter-octobre.png 1024w, https:\/\/trinchclub.com\/wp-content\/uploads\/2025\/11\/trinchclub-newsletter-octobre-200x300.png 200w, https:\/\/trinchclub.com\/wp-content\/uploads\/2025\/11\/trinchclub-newsletter-octobre-683x1024.png 683w, https:\/\/trinchclub.com\/wp-content\/uploads\/2025\/11\/trinchclub-newsletter-octobre-768x1152.png 768w, https:\/\/trinchclub.com\/wp-content\/uploads\/2025\/11\/trinchclub-newsletter-octobre-8x12.png 8w\" sizes=\"(max-width: 1024px) 100vw, 1024px\" \/><\/div><\/a>\n\t\t\t\t<div class=\"elementor-post__text\">\n\t\t\t\t<h3 class=\"elementor-post__title\">\n\t\t\t<a href=\"https:\/\/trinchclub.com\/en\/newsletter-octobre-2025\/\" >\n\t\t\t\t\ud83c\udf42 Octobre : quand la cave s\u2019anime\t\t\t<\/a>\n\t\t<\/h3>\n\t\t\t\t<div class=\"elementor-post__excerpt\">\n\t\t\t<p>Les s\u00e9cateurs sont rang\u00e9s, les vignes retrouvent leur calme. Mais dans les caves, c\u2019est tout l\u2019inverse : \u00e7a bouillonne, \u00e7a fermente, \u00e7a se transforme. Les jus sucr\u00e9s de septembre deviennent<\/p>\n\t\t<\/div>\n\t\t\t\t\t<div class=\"elementor-post__read-more-wrapper\">\n\t\t\n\t\t<a class=\"elementor-post__read-more\" href=\"https:\/\/trinchclub.com\/en\/newsletter-octobre-2025\/\" aria-label=\"Read more about \ud83c\udf42 Octobre : quand la cave s\u2019anime\" tabindex=\"-1\" >\n\t\t\tOuvrir la newsletter\t\t<\/a>\n\n\t\t\t\t\t<\/div>\n\t\t\t\t<\/div>\n\t\t\t\t\t<\/div>\n\t\t<\/article>\n\t\t\t\t<article class=\"elementor-post elementor-grid-item post-985 post type-post status-publish format-standard has-post-thumbnail hentry category-newsletter\" role=\"listitem\">\n\t\t\t<div class=\"elementor-post__card\">\n\t\t\t\t<a class=\"elementor-post__thumbnail__link\" href=\"https:\/\/trinchclub.com\/en\/%f0%9f%8d%82-septembre-lheure-des-vendanges-a-sonne\/\" tabindex=\"-1\" ><div class=\"elementor-post__thumbnail\"><img fetchpriority=\"high\" decoding=\"async\" width=\"1024\" height=\"1536\" src=\"https:\/\/trinchclub.com\/wp-content\/uploads\/2025\/11\/trinchclub-newsletter-septembre2025.png\" class=\"attachment-full size-full wp-image-986\" alt=\"\" srcset=\"https:\/\/trinchclub.com\/wp-content\/uploads\/2025\/11\/trinchclub-newsletter-septembre2025.png 1024w, https:\/\/trinchclub.com\/wp-content\/uploads\/2025\/11\/trinchclub-newsletter-septembre2025-200x300.png 200w, https:\/\/trinchclub.com\/wp-content\/uploads\/2025\/11\/trinchclub-newsletter-septembre2025-683x1024.png 683w, https:\/\/trinchclub.com\/wp-content\/uploads\/2025\/11\/trinchclub-newsletter-septembre2025-768x1152.png 768w, https:\/\/trinchclub.com\/wp-content\/uploads\/2025\/11\/trinchclub-newsletter-septembre2025-8x12.png 8w\" sizes=\"(max-width: 1024px) 100vw, 1024px\" \/><\/div><\/a>\n\t\t\t\t<div class=\"elementor-post__text\">\n\t\t\t\t<h3 class=\"elementor-post__title\">\n\t\t\t<a href=\"https:\/\/trinchclub.com\/en\/%f0%9f%8d%82-septembre-lheure-des-vendanges-a-sonne\/\" >\n\t\t\t\t\ud83c\udf42 Septembre : l\u2019heure des vendanges a sonn\u00e9\t\t\t<\/a>\n\t\t<\/h3>\n\t\t\t\t<div class=\"elementor-post__excerpt\">\n\t\t\t<p>Le mois tant attendu est arriv\u00e9. Les vignes fr\u00e9missent sous les premiers coups de s\u00e9cateurs\u202f:\u00a0c\u2019est le d\u00e9but des vendanges. Partout, l\u2019effervescence r\u00e8gne. Dans les rangs, les grappes sont scrut\u00e9es, go\u00fbt\u00e9es,<\/p>\n\t\t<\/div>\n\t\t\t\t\t<div class=\"elementor-post__read-more-wrapper\">\n\t\t\n\t\t<a class=\"elementor-post__read-more\" href=\"https:\/\/trinchclub.com\/en\/%f0%9f%8d%82-septembre-lheure-des-vendanges-a-sonne\/\" aria-label=\"Read more about \ud83c\udf42 Septembre : l\u2019heure des vendanges a sonn\u00e9\" tabindex=\"-1\" >\n\t\t\tOuvrir la newsletter\t\t<\/a>\n\n\t\t\t\t\t<\/div>\n\t\t\t\t<\/div>\n\t\t\t\t\t<\/div>\n\t\t<\/article>\n\t\t\t\t<article class=\"elementor-post elementor-grid-item post-966 post type-post status-publish format-standard has-post-thumbnail hentry category-newsletter tag-aout-2025\" role=\"listitem\">\n\t\t\t<div class=\"elementor-post__card\">\n\t\t\t\t<a class=\"elementor-post__thumbnail__link\" href=\"https:\/\/trinchclub.com\/en\/%e2%98%80%ef%b8%8f-trinch-sous-le-soleil-des-decouvertes-a-savourer\/\" tabindex=\"-1\" ><div class=\"elementor-post__thumbnail\"><img loading=\"lazy\" decoding=\"async\" width=\"1024\" height=\"1024\" src=\"https:\/\/trinchclub.com\/wp-content\/uploads\/2025\/11\/trinchclub-newsletter-aout2025.png\" class=\"attachment-full size-full wp-image-967\" alt=\"\" srcset=\"https:\/\/trinchclub.com\/wp-content\/uploads\/2025\/11\/trinchclub-newsletter-aout2025.png 1024w, https:\/\/trinchclub.com\/wp-content\/uploads\/2025\/11\/trinchclub-newsletter-aout2025-300x300.png 300w, https:\/\/trinchclub.com\/wp-content\/uploads\/2025\/11\/trinchclub-newsletter-aout2025-150x150.png 150w, https:\/\/trinchclub.com\/wp-content\/uploads\/2025\/11\/trinchclub-newsletter-aout2025-768x768.png 768w, https:\/\/trinchclub.com\/wp-content\/uploads\/2025\/11\/trinchclub-newsletter-aout2025-12x12.png 12w\" sizes=\"(max-width: 1024px) 100vw, 1024px\" \/><\/div><\/a>\n\t\t\t\t<div class=\"elementor-post__text\">\n\t\t\t\t<h3 class=\"elementor-post__title\">\n\t\t\t<a href=\"https:\/\/trinchclub.com\/en\/%e2%98%80%ef%b8%8f-trinch-sous-le-soleil-des-decouvertes-a-savourer\/\" >\n\t\t\t\t\u2600\ufe0f Ao\u00fbt : TRINCH sous le soleil &#8211; des d\u00e9couvertes \u00e0 savourer !\t\t\t<\/a>\n\t\t<\/h3>\n\t\t\t\t<div class=\"elementor-post__excerpt\">\n\t\t\t<p>Cher(e) Trincheur(euse), En ao\u00fbt, la vigne entre dans sa derni\u00e8re ligne droite. La v\u00e9raison se poursuit, les baies se gorgent de sucre, les ar\u00f4mes commencent \u00e0 se former : le<\/p>\n\t\t<\/div>\n\t\t\t\t\t<div class=\"elementor-post__read-more-wrapper\">\n\t\t\n\t\t<a class=\"elementor-post__read-more\" href=\"https:\/\/trinchclub.com\/en\/%e2%98%80%ef%b8%8f-trinch-sous-le-soleil-des-decouvertes-a-savourer\/\" aria-label=\"Read more about \u2600\ufe0f Ao\u00fbt : TRINCH sous le soleil &#8211; des d\u00e9couvertes \u00e0 savourer !\" tabindex=\"-1\" >\n\t\t\tOuvrir la newsletter\t\t<\/a>\n\n\t\t\t\t\t<\/div>\n\t\t\t\t<\/div>\n\t\t\t\t\t<\/div>\n\t\t<\/article>\n\t\t\t\t<article class=\"elementor-post elementor-grid-item post-944 post type-post status-publish format-standard has-post-thumbnail hentry category-newsletter tag-juillet-2025\" role=\"listitem\">\n\t\t\t<div class=\"elementor-post__card\">\n\t\t\t\t<a class=\"elementor-post__thumbnail__link\" href=\"https:\/\/trinchclub.com\/en\/%f0%9f%8d%82-juillet-debut-de-la-veraison\/\" tabindex=\"-1\" ><div class=\"elementor-post__thumbnail\"><img loading=\"lazy\" decoding=\"async\" width=\"1024\" height=\"1536\" src=\"https:\/\/trinchclub.com\/wp-content\/uploads\/2025\/11\/trinchclub-newsletter-juillet2025.png\" class=\"attachment-full size-full wp-image-945\" alt=\"\" srcset=\"https:\/\/trinchclub.com\/wp-content\/uploads\/2025\/11\/trinchclub-newsletter-juillet2025.png 1024w, https:\/\/trinchclub.com\/wp-content\/uploads\/2025\/11\/trinchclub-newsletter-juillet2025-200x300.png 200w, https:\/\/trinchclub.com\/wp-content\/uploads\/2025\/11\/trinchclub-newsletter-juillet2025-683x1024.png 683w, https:\/\/trinchclub.com\/wp-content\/uploads\/2025\/11\/trinchclub-newsletter-juillet2025-768x1152.png 768w, https:\/\/trinchclub.com\/wp-content\/uploads\/2025\/11\/trinchclub-newsletter-juillet2025-8x12.png 8w\" sizes=\"(max-width: 1024px) 100vw, 1024px\" \/><\/div><\/a>\n\t\t\t\t<div class=\"elementor-post__text\">\n\t\t\t\t<h3 class=\"elementor-post__title\">\n\t\t\t<a href=\"https:\/\/trinchclub.com\/en\/%f0%9f%8d%82-juillet-debut-de-la-veraison\/\" >\n\t\t\t\t\ud83c\udf42 Juillet: d\u00e9but de la v\u00e9raison\t\t\t<\/a>\n\t\t<\/h3>\n\t\t\t\t<div class=\"elementor-post__excerpt\">\n\t\t\t<p>Cher(e)\u00a0Trincheur(euse), C\u2019est\u00a0en juillet que commence la v\u00e9raison,\u00a0moment magique o\u00f9 les raisins passent du vert au rouge ou au jaune translucide. C\u2019est le signal que la maturit\u00e9 approche, mais les vendanges<\/p>\n\t\t<\/div>\n\t\t\t\t\t<div class=\"elementor-post__read-more-wrapper\">\n\t\t\n\t\t<a class=\"elementor-post__read-more\" href=\"https:\/\/trinchclub.com\/en\/%f0%9f%8d%82-juillet-debut-de-la-veraison\/\" aria-label=\"Read more about \ud83c\udf42 Juillet: d\u00e9but de la v\u00e9raison\" tabindex=\"-1\" >\n\t\t\tOuvrir la newsletter\t\t<\/a>\n\n\t\t\t\t\t<\/div>\n\t\t\t\t<\/div>\n\t\t\t\t\t<\/div>\n\t\t<\/article>\n\t\t\t\t<\/div>\n\t\t\n\t\t\t\t\t\t<\/div>\n\t\t\t\t<\/div>\n\t\t\t\t\t<\/div>\n\t\t\t\t<\/div>\n\t\t\t\t<\/div>","protected":false},"excerpt":{"rendered":"<p>Le mois tant attendu est arriv\u00e9. Les vignes fr\u00e9missent sous les premiers coups de s\u00e9cateurs\u202f:\u00a0c\u2019est le d\u00e9but des vendanges. Partout, l\u2019effervescence r\u00e8gne. Dans les rangs, les grappes sont scrut\u00e9es, go\u00fbt\u00e9es, coup\u00e9es avec soin. Chaque d\u00e9cision compte : faut-il attendre encore un jour ou deux pour ce c\u00e9page\u202f? Faut-il vendanger \u00e0 la fra\u00eeche\u202f?\u00a0Tout est affaire d\u2019\u00e9quilibre. [&hellip;]<\/p>","protected":false},"author":2,"featured_media":986,"comment_status":"closed","ping_status":"open","sticky":false,"template":"","format":"standard","meta":{"footnotes":""},"categories":[8],"tags":[],"class_list":["post-985","post","type-post","status-publish","format-standard","has-post-thumbnail","hentry","category-newsletter"],"_links":{"self":[{"href":"https:\/\/trinchclub.com\/en\/wp-json\/wp\/v2\/posts\/985","targetHints":{"allow":["GET"]}}],"collection":[{"href":"https:\/\/trinchclub.com\/en\/wp-json\/wp\/v2\/posts"}],"about":[{"href":"https:\/\/trinchclub.com\/en\/wp-json\/wp\/v2\/types\/post"}],"author":[{"embeddable":true,"href":"https:\/\/trinchclub.com\/en\/wp-json\/wp\/v2\/users\/2"}],"replies":[{"embeddable":true,"href":"https:\/\/trinchclub.com\/en\/wp-json\/wp\/v2\/comments?post=985"}],"version-history":[{"count":4,"href":"https:\/\/trinchclub.com\/en\/wp-json\/wp\/v2\/posts\/985\/revisions"}],"predecessor-version":[{"id":1006,"href":"https:\/\/trinchclub.com\/en\/wp-json\/wp\/v2\/posts\/985\/revisions\/1006"}],"wp:featuredmedia":[{"embeddable":true,"href":"https:\/\/trinchclub.com\/en\/wp-json\/wp\/v2\/media\/986"}],"wp:attachment":[{"href":"https:\/\/trinchclub.com\/en\/wp-json\/wp\/v2\/media?parent=985"}],"wp:term":[{"taxonomy":"category","embeddable":true,"href":"https:\/\/trinchclub.com\/en\/wp-json\/wp\/v2\/categories?post=985"},{"taxonomy":"post_tag","embeddable":true,"href":"https:\/\/trinchclub.com\/en\/wp-json\/wp\/v2\/tags?post=985"}],"curies":[{"name":"wp","href":"https:\/\/api.w.org\/{rel}","templated":true}]}}